{"id":34881,"date":"2025-11-14T15:35:04","date_gmt":"2025-11-14T14:35:04","guid":{"rendered":"https:\/\/www.infosourds.be\/?p=34881"},"modified":"2026-03-06T18:20:25","modified_gmt":"2026-03-06T17:20:25","slug":"carte-blanche-allemaal-aan-het-werk-2","status":"publish","type":"post","link":"https:\/\/www.infosourds.be\/nl\/carte-blanche-tous-au-boulot-2","title":{"rendered":"Open brief"},"content":{"rendered":"<p>[et_pb_section fb_built=\u00a0\u00bb1&Prime; _builder_version=\u00a0\u00bb4.27.4&Prime; _module_preset=\u00a0\u00bbdefault\u00a0\u00bb da_disable_devices=\u00a0\u00bboff|off|off\u00a0\u00bb global_colors_info=\u00a0\u00bb{}\u00a0\u00bb da_is_popup=\u00a0\u00bboff\u00a0\u00bb da_exit_intent=\u00a0\u00bboff\u00a0\u00bb da_has_close=\u00a0\u00bbon\u00a0\u00bb da_alt_close=\u00a0\u00bboff\u00a0\u00bb da_dark_close=\u00a0\u00bboff\u00a0\u00bb da_not_modal=\u00a0\u00bbon\u00a0\u00bb da_is_singular=\u00a0\u00bboff\u00a0\u00bb da_with_loader=\u00a0\u00bboff\u00a0\u00bb da_has_shadow=\u00a0\u00bbon\u00a0\u00bb][et_pb_row _builder_version=\u00a0\u00bb4.27.4&Prime; _module_preset=\u00a0\u00bbdefault\u00a0\u00bb custom_margin=\u00a0\u00bb-51px|auto||auto||\u00a0\u00bb custom_padding=\u00a0\u00bb58px|||||\u00a0\u00bb global_colors_info=\u00a0\u00bb{}\u00a0\u00bb][et_pb_column type=\u00a0\u00bb4_4&Prime; _builder_version=\u00a0\u00bb4.27.4&Prime; _module_preset=\u00a0\u00bbdefault\u00a0\u00bb global_colors_info=\u00a0\u00bb{}\u00a0\u00bb][et_pb_text _builder_version=\u00a0\u00bb4.27.4&Prime; _module_preset=\u00a0\u00bbdefault\u00a0\u00bb custom_margin=\u00a0\u00bb-85px|||||\u00a0\u00bb custom_padding=\u00a0\u00bb0px|||||\u00a0\u00bb global_colors_info=\u00a0\u00bb{}\u00a0\u00bb]<\/p>\n<h1><strong><\/strong><\/h1>\n<h1><strong><img loading=\"lazy\" decoding=\"async\" src=\"https:\/\/www.infosourds.be\/wp-content\/uploads\/2026\/03\/LIGUE-BRAILLE_19081_logo_BIL_CMJN_HD_1-1024x725.webp\" width=\"162\" height=\"115\" alt=\"\" class=\"wp-image-34969 alignnone size-large\" style=\"float: right;\" \/><\/strong><\/h1>\n<h1><strong><img loading=\"lazy\" decoding=\"async\" src=\"https:\/\/www.infosourds.be\/wp-content\/uploads\/2025\/02\/Logo-general-HQ-Blanc-1024x1024.webp\" width=\"116\" height=\"116\" alt=\"\" class=\"wp-image-33768 alignnone size-large\" style=\"float: right;\" \/><\/strong><\/h1>\n<h1><strong style=\"font-size: 30px;\"><\/strong><\/h1>\n<h1><strong style=\"font-size: 30px;\"><\/strong><\/h1>\n<h1><strong style=\"font-size: 30px;\"><\/strong><\/h1>\n<h1><strong style=\"font-size: 30px;\">Tous au boulot. Vraiment tous ?<\/strong><strong><\/strong><\/h1>\n<p>[\/et_pb_text][\/et_pb_column][\/et_pb_row][et_pb_row _builder_version=\u00a0\u00bb4.27.4&Prime; _module_preset=\u00a0\u00bbdefault\u00a0\u00bb global_colors_info=\u00a0\u00bb{}\u00a0\u00bb][et_pb_column type=\u00a0\u00bb4_4&Prime; _builder_version=\u00a0\u00bb4.27.4&Prime; _module_preset=\u00a0\u00bbdefault\u00a0\u00bb global_colors_info=\u00a0\u00bb{}\u00a0\u00bb][et_pb_text _builder_version=\u00a0\u00bb4.27.5&Prime; _module_preset=\u00a0\u00bbdefault\u00a0\u00bb custom_margin=\u00a0\u00bb-50px|||||\u00a0\u00bb hover_enabled=\u00a0\u00bb0&Prime; global_colors_info=\u00a0\u00bb{}\u00a0\u00bb sticky_enabled=\u00a0\u00bb0&Prime;]<\/p>\n<p>Notre pays ambitionne d&rsquo;atteindre 80% de personnes \u00e0 l&#8217;emploi mais rabote de plus en plus dans les soutiens financiers accord\u00e9s aux services d&#8217;emploi adapt\u00e9s aux personnes en situation de handicap.<\/p>\n<p>Alors que les personnes sourdes et malentendantes souffrent d\u00e9j\u00e0 de discrimination et rencontrent obstacles sur obstacles dans leur recherche d&#8217;emploi, raboter dans ces budgets-l\u00e0 va \u00e0 contre-sens de toute logique !<\/p>\n<p>C&rsquo;est pour cette raison qu&rsquo;Info-Sourds de Bruxelles s&rsquo;est alli\u00e9 \u00e0 la <a href=\"https:\/\/www.braille.be\/fr\/?gad_source=1&amp;gad_campaignid=22733094888&amp;gbraid=0AAAAADpqWAM4OGGCBI5cFYAzsOttcnzCG&amp;gclid=Cj0KCQiAiKzIBhCOARIsAKpKLAPdBdB7KD716aTyFGiVpsyfJ5bwFQ8eeixDwKaeS5kA5DCKcumeysMaAtFcEALw_wcB\" target=\"_blank\" rel=\"noopener\" title=\"Ligue Braille\"><strong>Ligue Braille<\/strong><\/a> dans la r\u00e9alisation d&rsquo;une Carte blanche publi\u00e9e dans <a href=\"https:\/\/www.lesoir.be\/711371\/article\/2025-11-17\/tous-au-boulot-vraiment-tous\" target=\"_blank\" rel=\"noopener\"><strong>Le Soir<\/strong><\/a>, <a href=\"https:\/\/www.levif.be\/opinions\/cartes-blanches\/ouvrir-les-portes-de-lemploi-aux-personnes-en-situation-de-handicap-un-defi-urgent\/\" target=\"_blank\" rel=\"noopener\"><strong>Le Vif<\/strong><\/a>, <a href=\"https:\/\/www.lalibre.be\/economie\/emploi\/2025\/11\/16\/handicap-un-travail-pour-tous-vraiment-2D3JN3FPDNAXPNJ5AZ7VJELHVI\/\" target=\"_blank\" rel=\"noopener\"><strong>La Libre<\/strong><\/a> et <a href=\"https:\/\/peoplesphere.be\/fr\/semaine-pour-lemploi-des-personnes-en-situation-de-handicap-et-si-on-arretait-de-passer-a-cote-de-leurs-talents\/\" target=\"_blank\" rel=\"noopener\"><strong>People Sph\u00e8re.be<\/strong><\/a>. Elle a, de plus, \u00e9t\u00e9 cosign\u00e9e par de nombreux acteurs du secteur tels que l&rsquo;Entreprise de Travail Adapt\u00e9 : <a href=\"https:\/\/www.amaa.be\/ateliers-du-monceau\/\" target=\"_blank\" rel=\"noopener\" title=\"Les Ateliers de l'Avenir\"><strong>les Ateliers de l&rsquo;Avenir<\/strong><\/a>, l&rsquo;<span><a href=\"https:\/\/apedaf.be\/wordpress\/\" target=\"_blank\" rel=\"noopener\" title=\"APEDAF\"><strong>Association des Parents d\u2019Enfants D\u00e9ficients Auditifs Francophones (APEDAF)<\/strong><\/a> et le <a href=\"https:\/\/ccpasbl.be\/\" target=\"_blank\" rel=\"noopener\" title=\"Centre Comprendre et Parler\"><strong>Centre Comprendre et Parler<\/strong> <\/a>tous deux soucieux d&rsquo;offrir un avenir professionnel aux g\u00e9n\u00e9rations futures.<\/span><\/p>\n<p>Pour lire la Carte blanche dans son int\u00e9gralit\u00e9, cliquez ci-dessous :<span><\/span><\/p>\n<h2><a href=\"https:\/\/www.infosourds.be\/wp-content\/uploads\/2025\/11\/Carte-Blanche-Tous-au-boulot.pdf\" target=\"_blank\" rel=\"noopener\" title=\"Carte blanche\"><span><img loading=\"lazy\" decoding=\"async\" src=\"https:\/\/www.infosourds.be\/wp-content\/uploads\/2026\/03\/Carte-blanche-FR.webp\" width=\"542\" height=\"770\" alt=\"\" class=\"wp-image-34905 alignnone size-full\" style=\"display: block; margin-left: auto; margin-right: auto;\" srcset=\"https:\/\/www.infosourds.be\/wp-content\/uploads\/2026\/03\/Carte-blanche-FR.webp 542w, https:\/\/www.infosourds.be\/wp-content\/uploads\/2026\/03\/Carte-blanche-FR-480x682.webp 480w\" sizes=\"(min-width: 0px) and (max-width: 480px) 480px, (min-width: 481px) 542px, 100vw\" \/><br \/><\/span><\/a><strong>T\u00e9l\u00e9chargez notre communiqu\u00e9 de presse<\/strong><\/h2>\n<p><span><a class=\"maxbutton-33 maxbutton maxbutton-communique-de-presse-isb-lb\" target=\"_blank\" rel=\"noopener\" href=\"https:\/\/www.infosourds.be\/wp-content\/uploads\/2025\/11\/Communique-de-presse_ISB.pdf\"><span class='mb-text'>COMMUNIQU\u00c9 DE PRESSE<\/span><\/a><\/span><\/p>\n<p>[\/et_pb_text][\/et_pb_column][\/et_pb_row][et_pb_row _builder_version=\u00a0\u00bb4.27.4&Prime; _module_preset=\u00a0\u00bbdefault\u00a0\u00bb global_colors_info=\u00a0\u00bb{}\u00a0\u00bb][et_pb_column type=\u00a0\u00bb4_4&Prime; _builder_version=\u00a0\u00bb4.27.4&Prime; _module_preset=\u00a0\u00bbdefault\u00a0\u00bb global_colors_info=\u00a0\u00bb{}\u00a0\u00bb][et_pb_text _builder_version=\u00a0\u00bb4.27.4&Prime; _module_preset=\u00a0\u00bbdefault\u00a0\u00bb custom_padding=\u00a0\u00bb||0px|||\u00a0\u00bb global_colors_info=\u00a0\u00bb{}\u00a0\u00bb]<\/p>\n<h2><strong>Les cosignataires<\/strong><\/h2>\n<p>[\/et_pb_text][\/et_pb_column][\/et_pb_row][et_pb_row _builder_version=\u00a0\u00bb4.27.4&Prime; _module_preset=\u00a0\u00bbdefault\u00a0\u00bb custom_margin=\u00a0\u00bb-8px|auto||auto||\u00a0\u00bb custom_padding=\u00a0\u00bb0px||0px|||\u00a0\u00bb global_colors_info=\u00a0\u00bb{}\u00a0\u00bb][et_pb_column type=\u00a0\u00bb4_4&Prime; _builder_version=\u00a0\u00bb4.27.4&Prime; _module_preset=\u00a0\u00bbdefault\u00a0\u00bb global_colors_info=\u00a0\u00bb{}\u00a0\u00bb][et_pb_image src=\u00a0\u00bbhttps:\/\/www.infosourds.be\/wp-content\/uploads\/2026\/03\/bas-de-page-1.webp\u00a0\u00bb title_text=\u00a0\u00bbbas de page 1&Prime; _builder_version=\u00a0\u00bb4.27.5&Prime; _module_preset=\u00a0\u00bbdefault\u00a0\u00bb custom_margin=\u00a0\u00bb-25px|||||\u00a0\u00bb custom_padding=\u00a0\u00bb0px|||||\u00a0\u00bb hover_enabled=\u00a0\u00bb0&Prime; global_colors_info=\u00a0\u00bb{}\u00a0\u00bb sticky_enabled=\u00a0\u00bb0&Prime;][\/et_pb_image][\/et_pb_column][\/et_pb_row][et_pb_row _builder_version=\u00a0\u00bb4.27.4&Prime; _module_preset=\u00a0\u00bbdefault\u00a0\u00bb custom_margin=\u00a0\u00bb-60px|auto||auto||\u00a0\u00bb global_colors_info=\u00a0\u00bb{}\u00a0\u00bb][et_pb_column type=\u00a0\u00bb4_4&Prime; _builder_version=\u00a0\u00bb4.27.4&Prime; _module_preset=\u00a0\u00bbdefault\u00a0\u00bb global_colors_info=\u00a0\u00bb{}\u00a0\u00bb][et_pb_image src=\u00a0\u00bbhttps:\/\/www.infosourds.be\/wp-content\/uploads\/2026\/03\/bas-de-page-2.webp\u00a0\u00bb title_text=\u00a0\u00bbbas de page 2&Prime; _builder_version=\u00a0\u00bb4.27.5&Prime; _module_preset=\u00a0\u00bbdefault\u00a0\u00bb custom_margin=\u00a0\u00bb-28px|||||\u00a0\u00bb custom_padding=\u00a0\u00bb0px|||||\u00a0\u00bb hover_enabled=\u00a0\u00bb0&Prime; global_colors_info=\u00a0\u00bb{}\u00a0\u00bb sticky_enabled=\u00a0\u00bb0&Prime;][\/et_pb_image][\/et_pb_column][\/et_pb_row][et_pb_row _builder_version=\u00a0\u00bb4.27.4&Prime; _module_preset=\u00a0\u00bbdefault\u00a0\u00bb global_colors_info=\u00a0\u00bb{}\u00a0\u00bb][et_pb_column type=\u00a0\u00bb4_4&Prime; _builder_version=\u00a0\u00bb4.27.4&Prime; _module_preset=\u00a0\u00bbdefault\u00a0\u00bb global_colors_info=\u00a0\u00bb{}\u00a0\u00bb][et_pb_text _builder_version=\u00a0\u00bb4.27.4&Prime; _module_preset=\u00a0\u00bbdefault\u00a0\u00bb global_colors_info=\u00a0\u00bb{}\u00a0\u00bb]<\/p>\n<h2><strong>Nos pouvoirs subsidiants<\/strong><\/h2>\n<p>[\/et_pb_text][\/et_pb_column][\/et_pb_row][et_pb_row _builder_version=\u00a0\u00bb4.27.4&Prime; _module_preset=\u00a0\u00bbdefault\u00a0\u00bb custom_margin=\u00a0\u00bb-22px|auto||auto||\u00a0\u00bb custom_padding=\u00a0\u00bb0px|||||\u00a0\u00bb global_colors_info=\u00a0\u00bb{}\u00a0\u00bb][et_pb_column type=\u00a0\u00bb4_4&Prime; _builder_version=\u00a0\u00bb4.27.4&Prime; _module_preset=\u00a0\u00bbdefault\u00a0\u00bb global_colors_info=\u00a0\u00bb{}\u00a0\u00bb][et_pb_image src=\u00a0\u00bbhttps:\/\/www.infosourds.be\/wp-content\/uploads\/2025\/03\/Pouvoirs-subsidiants-partenaires-1024&#215;212.webp\u00a0\u00bb title_text=\u00a0\u00bbPouvoirs subsidiants &#8211; partenaires\u00a0\u00bb _builder_version=\u00a0\u00bb4.27.5&Prime; _module_preset=\u00a0\u00bbdefault\u00a0\u00bb hover_enabled=\u00a0\u00bb0&Prime; global_colors_info=\u00a0\u00bb{}\u00a0\u00bb sticky_enabled=\u00a0\u00bb0&Prime;][\/et_pb_image][\/et_pb_column][\/et_pb_row][\/et_pb_section]<\/p>\n","protected":false},"excerpt":{"rendered":"<p>Tous au boulot. Vraiment tous ?Notre pays ambitionne d&rsquo;atteindre 80% de personnes \u00e0 l&#8217;emploi mais rabote de plus en plus dans les soutiens financiers accord\u00e9s aux services d&#8217;emploi adapt\u00e9s aux personnes en situation de handicap. Alors que les personnes sourdes et malentendantes souffrent d\u00e9j\u00e0 de discrimination et rencontrent obstacles sur obstacles dans leur recherche d&#8217;emploi, [&hellip;]<\/p>\n","protected":false},"author":10,"featured_media":34912,"comment_status":"open","ping_status":"open","sticky":false,"template":"","format":"standard","meta":{"give_campaign_id":0,"_et_pb_use_builder":"on","_et_pb_old_content":"","_et_gb_content_width":"","footnotes":""},"categories":[19],"tags":[],"class_list":["post-34881","post","type-post","status-publish","format-standard","has-post-thumbnail","hentry","category-actualites"],"yoast_head":"<!-- This site is optimized with the Yoast SEO plugin v27.4 - https:\/\/yoast.com\/product\/yoast-seo-wordpress\/ -->\n<title>Carte blanche - Info-Sourds de Bruxelles<\/title>\n<meta name=\"description\" content=\"Notre pays ambitionne d\u2019atteindre 80% de personnes \u00e0 l\u2019emploi mais rabote de plus en plus dans les soutiens financiers accord\u00e9s aux services d\u2019emploi adapt\u00e9s aux personnes en situation de handicap. Alors que les personnes sourdes et malentendantes souffrent d\u00e9j\u00e0 de discrimination et rencontrent obstacles sur obstacles dans leur recherche d\u2019emploi, raboter dans ces budgets-l\u00e0 va \u00e0 l\u2019encontre de toute logique !\" \/>\n<meta name=\"robots\" content=\"index, follow, max-snippet:-1, max-image-preview:large, max-video-preview:-1\" \/>\n<link rel=\"canonical\" href=\"https:\/\/www.infosourds.be\/nl\/carte-blanche-allemaal-aan-het-werk-2\" \/>\n<meta property=\"og:locale\" content=\"nl_BE\" \/>\n<meta property=\"og:type\" content=\"article\" \/>\n<meta property=\"og:title\" content=\"Carte blanche - Info-Sourds de Bruxelles\" \/>\n<meta property=\"og:description\" content=\"Notre pays ambitionne d\u2019atteindre 80% de personnes \u00e0 l\u2019emploi mais rabote de plus en plus dans les soutiens financiers accord\u00e9s aux services d\u2019emploi adapt\u00e9s aux personnes en situation de handicap. Alors que les personnes sourdes et malentendantes souffrent d\u00e9j\u00e0 de discrimination et rencontrent obstacles sur obstacles dans leur recherche d\u2019emploi, raboter dans ces budgets-l\u00e0 va \u00e0 l\u2019encontre de toute logique !\" \/>\n<meta property=\"og:url\" content=\"https:\/\/www.infosourds.be\/nl\/carte-blanche-allemaal-aan-het-werk-2\" \/>\n<meta property=\"og:site_name\" content=\"Info-Sourds de Bruxelles\" \/>\n<meta property=\"article:publisher\" content=\"https:\/\/www.facebook.com\/InfosourdsdeBxl\" \/>\n<meta property=\"article:published_time\" content=\"2025-11-14T14:35:04+00:00\" \/>\n<meta property=\"article:modified_time\" content=\"2026-03-06T17:20:25+00:00\" \/>\n<meta property=\"og:image\" content=\"https:\/\/www.infosourds.be\/wp-content\/uploads\/2026\/03\/Carte-blanche.webp\" \/>\n\t<meta property=\"og:image:width\" content=\"2048\" \/>\n\t<meta property=\"og:image:height\" content=\"1755\" \/>\n\t<meta property=\"og:image:type\" content=\"image\/webp\" \/>\n<meta name=\"author\" content=\"Webmaster\" \/>\n<meta name=\"twitter:card\" content=\"summary_large_image\" \/>\n<meta name=\"twitter:label1\" content=\"Geschreven door\" \/>\n\t<meta name=\"twitter:data1\" content=\"Webmaster\" \/>\n\t<meta name=\"twitter:label2\" content=\"Geschatte leestijd\" \/>\n\t<meta name=\"twitter:data2\" content=\"3 minuten\" \/>\n<script type=\"application\/ld+json\" class=\"yoast-schema-graph\">{\"@context\":\"https:\\\/\\\/schema.org\",\"@graph\":[{\"@type\":\"Article\",\"@id\":\"https:\\\/\\\/www.infosourds.be\\\/carte-blanche-tous-au-boulot-2#article\",\"isPartOf\":{\"@id\":\"https:\\\/\\\/www.infosourds.be\\\/carte-blanche-tous-au-boulot-2\"},\"author\":{\"name\":\"Webmaster\",\"@id\":\"https:\\\/\\\/www.infosourds.be\\\/#\\\/schema\\\/person\\\/f3abf20591c01738f1d334a822842d56\"},\"headline\":\"Carte blanche\",\"datePublished\":\"2025-11-14T14:35:04+00:00\",\"dateModified\":\"2026-03-06T17:20:25+00:00\",\"mainEntityOfPage\":{\"@id\":\"https:\\\/\\\/www.infosourds.be\\\/carte-blanche-tous-au-boulot-2\"},\"wordCount\":669,\"commentCount\":1,\"publisher\":{\"@id\":\"https:\\\/\\\/www.infosourds.be\\\/#organization\"},\"image\":{\"@id\":\"https:\\\/\\\/www.infosourds.be\\\/carte-blanche-tous-au-boulot-2#primaryimage\"},\"thumbnailUrl\":\"https:\\\/\\\/www.infosourds.be\\\/wp-content\\\/uploads\\\/2026\\\/03\\\/Carte-blanche.webp\",\"articleSection\":[\"Actualit\u00e9s\"],\"inLanguage\":\"nl-BE\",\"potentialAction\":[{\"@type\":\"CommentAction\",\"name\":\"Comment\",\"target\":[\"https:\\\/\\\/www.infosourds.be\\\/carte-blanche-tous-au-boulot-2#respond\"]}]},{\"@type\":\"WebPage\",\"@id\":\"https:\\\/\\\/www.infosourds.be\\\/carte-blanche-tous-au-boulot-2\",\"url\":\"https:\\\/\\\/www.infosourds.be\\\/carte-blanche-tous-au-boulot-2\",\"name\":\"Carte blanche - Info-Sourds de Bruxelles\",\"isPartOf\":{\"@id\":\"https:\\\/\\\/www.infosourds.be\\\/#website\"},\"primaryImageOfPage\":{\"@id\":\"https:\\\/\\\/www.infosourds.be\\\/carte-blanche-tous-au-boulot-2#primaryimage\"},\"image\":{\"@id\":\"https:\\\/\\\/www.infosourds.be\\\/carte-blanche-tous-au-boulot-2#primaryimage\"},\"thumbnailUrl\":\"https:\\\/\\\/www.infosourds.be\\\/wp-content\\\/uploads\\\/2026\\\/03\\\/Carte-blanche.webp\",\"datePublished\":\"2025-11-14T14:35:04+00:00\",\"dateModified\":\"2026-03-06T17:20:25+00:00\",\"description\":\"Notre pays ambitionne d\u2019atteindre 80% de personnes \u00e0 l\u2019emploi mais rabote de plus en plus dans les soutiens financiers accord\u00e9s aux services d\u2019emploi adapt\u00e9s aux personnes en situation de handicap. Alors que les personnes sourdes et malentendantes souffrent d\u00e9j\u00e0 de discrimination et rencontrent obstacles sur obstacles dans leur recherche d\u2019emploi, raboter dans ces budgets-l\u00e0 va \u00e0 l\u2019encontre de toute logique !\",\"breadcrumb\":{\"@id\":\"https:\\\/\\\/www.infosourds.be\\\/carte-blanche-tous-au-boulot-2#breadcrumb\"},\"inLanguage\":\"nl-BE\",\"potentialAction\":[{\"@type\":\"ReadAction\",\"target\":[\"https:\\\/\\\/www.infosourds.be\\\/carte-blanche-tous-au-boulot-2\"]}]},{\"@type\":\"ImageObject\",\"inLanguage\":\"nl-BE\",\"@id\":\"https:\\\/\\\/www.infosourds.be\\\/carte-blanche-tous-au-boulot-2#primaryimage\",\"url\":\"https:\\\/\\\/www.infosourds.be\\\/wp-content\\\/uploads\\\/2026\\\/03\\\/Carte-blanche.webp\",\"contentUrl\":\"https:\\\/\\\/www.infosourds.be\\\/wp-content\\\/uploads\\\/2026\\\/03\\\/Carte-blanche.webp\",\"width\":2048,\"height\":1755},{\"@type\":\"BreadcrumbList\",\"@id\":\"https:\\\/\\\/www.infosourds.be\\\/carte-blanche-tous-au-boulot-2#breadcrumb\",\"itemListElement\":[{\"@type\":\"ListItem\",\"position\":1,\"name\":\"Accueil\",\"item\":\"https:\\\/\\\/www.infosourds.be\\\/\"},{\"@type\":\"ListItem\",\"position\":2,\"name\":\"Carte blanche\"}]},{\"@type\":\"WebSite\",\"@id\":\"https:\\\/\\\/www.infosourds.be\\\/#website\",\"url\":\"https:\\\/\\\/www.infosourds.be\\\/\",\"name\":\"infosourds.be\",\"description\":\"Une personne avant tout\",\"publisher\":{\"@id\":\"https:\\\/\\\/www.infosourds.be\\\/#organization\"},\"potentialAction\":[{\"@type\":\"SearchAction\",\"target\":{\"@type\":\"EntryPoint\",\"urlTemplate\":\"https:\\\/\\\/www.infosourds.be\\\/?s={search_term_string}\"},\"query-input\":{\"@type\":\"PropertyValueSpecification\",\"valueRequired\":true,\"valueName\":\"search_term_string\"}}],\"inLanguage\":\"nl-BE\"},{\"@type\":\"Organization\",\"@id\":\"https:\\\/\\\/www.infosourds.be\\\/#organization\",\"name\":\"Info-Sourds de Bruxelles\",\"url\":\"https:\\\/\\\/www.infosourds.be\\\/\",\"logo\":{\"@type\":\"ImageObject\",\"inLanguage\":\"nl-BE\",\"@id\":\"https:\\\/\\\/www.infosourds.be\\\/#\\\/schema\\\/logo\\\/image\\\/\",\"url\":\"https:\\\/\\\/www.infosourds.be\\\/wp-content\\\/uploads\\\/2023\\\/03\\\/Logo_InfoSourds1.png\",\"contentUrl\":\"https:\\\/\\\/www.infosourds.be\\\/wp-content\\\/uploads\\\/2023\\\/03\\\/Logo_InfoSourds1.png\",\"width\":114,\"height\":121,\"caption\":\"Info-Sourds de Bruxelles\"},\"image\":{\"@id\":\"https:\\\/\\\/www.infosourds.be\\\/#\\\/schema\\\/logo\\\/image\\\/\"},\"sameAs\":[\"https:\\\/\\\/www.facebook.com\\\/InfosourdsdeBxl\",\"https:\\\/\\\/www.instagram.com\\\/infosourds_bxl\\\/\",\"https:\\\/\\\/www.linkedin.com\\\/company\\\/22615107\\\/\"]},{\"@type\":\"Person\",\"@id\":\"https:\\\/\\\/www.infosourds.be\\\/#\\\/schema\\\/person\\\/f3abf20591c01738f1d334a822842d56\",\"name\":\"Webmaster\",\"image\":{\"@type\":\"ImageObject\",\"inLanguage\":\"nl-BE\",\"@id\":\"https:\\\/\\\/secure.gravatar.com\\\/avatar\\\/048422f4c473dabfbe91a2958be7b0f4f0ce2658fc6c9e66ddcbc49b3b5bdaf0?s=96&d=mm&r=g\",\"url\":\"https:\\\/\\\/secure.gravatar.com\\\/avatar\\\/048422f4c473dabfbe91a2958be7b0f4f0ce2658fc6c9e66ddcbc49b3b5bdaf0?s=96&d=mm&r=g\",\"contentUrl\":\"https:\\\/\\\/secure.gravatar.com\\\/avatar\\\/048422f4c473dabfbe91a2958be7b0f4f0ce2658fc6c9e66ddcbc49b3b5bdaf0?s=96&d=mm&r=g\",\"caption\":\"Webmaster\"},\"sameAs\":[\"http:\\\/\\\/www.infosourds.be\"],\"url\":\"https:\\\/\\\/www.infosourds.be\\\/nl\\\/author\\\/lise\"}]}<\/script>\n<!-- \/ Yoast SEO plugin. -->","yoast_head_json":{"title":"Carte blanche - Info-Sourds de Bruxelles","description":"Ons land streeft ernaar om 80% mensen aan het werk te krijgen, maar bezuinigt steeds meer op de financi\u00eble steun voor arbeidsbemiddelingsdiensten die zijn afgestemd op mensen met een handicap. Terwijl dove en slechthorende mensen al te maken hebben met discriminatie en obstakel na obstakel tegenkomen bij het zoeken naar werk, is het bezuinigen op deze budgetten volstrekt onlogisch!","robots":{"index":"index","follow":"follow","max-snippet":"max-snippet:-1","max-image-preview":"max-image-preview:large","max-video-preview":"max-video-preview:-1"},"canonical":"https:\/\/www.infosourds.be\/nl\/carte-blanche-allemaal-aan-het-werk-2","og_locale":"nl_BE","og_type":"article","og_title":"Carte blanche - Info-Sourds de Bruxelles","og_description":"Notre pays ambitionne d\u2019atteindre 80% de personnes \u00e0 l\u2019emploi mais rabote de plus en plus dans les soutiens financiers accord\u00e9s aux services d\u2019emploi adapt\u00e9s aux personnes en situation de handicap. Alors que les personnes sourdes et malentendantes souffrent d\u00e9j\u00e0 de discrimination et rencontrent obstacles sur obstacles dans leur recherche d\u2019emploi, raboter dans ces budgets-l\u00e0 va \u00e0 l\u2019encontre de toute logique !","og_url":"https:\/\/www.infosourds.be\/nl\/carte-blanche-allemaal-aan-het-werk-2","og_site_name":"Info-Sourds de Bruxelles","article_publisher":"https:\/\/www.facebook.com\/InfosourdsdeBxl","article_published_time":"2025-11-14T14:35:04+00:00","article_modified_time":"2026-03-06T17:20:25+00:00","og_image":[{"width":2048,"height":1755,"url":"https:\/\/www.infosourds.be\/wp-content\/uploads\/2026\/03\/Carte-blanche.webp","type":"image\/webp"}],"author":"Webmaster","twitter_card":"summary_large_image","twitter_misc":{"Geschreven door":"Webmaster","Geschatte leestijd":"3 minuten"},"schema":{"@context":"https:\/\/schema.org","@graph":[{"@type":"Article","@id":"https:\/\/www.infosourds.be\/carte-blanche-tous-au-boulot-2#article","isPartOf":{"@id":"https:\/\/www.infosourds.be\/carte-blanche-tous-au-boulot-2"},"author":{"name":"Webmaster","@id":"https:\/\/www.infosourds.be\/#\/schema\/person\/f3abf20591c01738f1d334a822842d56"},"headline":"Carte blanche","datePublished":"2025-11-14T14:35:04+00:00","dateModified":"2026-03-06T17:20:25+00:00","mainEntityOfPage":{"@id":"https:\/\/www.infosourds.be\/carte-blanche-tous-au-boulot-2"},"wordCount":669,"commentCount":1,"publisher":{"@id":"https:\/\/www.infosourds.be\/#organization"},"image":{"@id":"https:\/\/www.infosourds.be\/carte-blanche-tous-au-boulot-2#primaryimage"},"thumbnailUrl":"https:\/\/www.infosourds.be\/wp-content\/uploads\/2026\/03\/Carte-blanche.webp","articleSection":["Actualit\u00e9s"],"inLanguage":"nl-BE","potentialAction":[{"@type":"CommentAction","name":"Comment","target":["https:\/\/www.infosourds.be\/carte-blanche-tous-au-boulot-2#respond"]}]},{"@type":"WebPage","@id":"https:\/\/www.infosourds.be\/carte-blanche-tous-au-boulot-2","url":"https:\/\/www.infosourds.be\/carte-blanche-tous-au-boulot-2","name":"Carte blanche - Info-Sourds de Bruxelles","isPartOf":{"@id":"https:\/\/www.infosourds.be\/#website"},"primaryImageOfPage":{"@id":"https:\/\/www.infosourds.be\/carte-blanche-tous-au-boulot-2#primaryimage"},"image":{"@id":"https:\/\/www.infosourds.be\/carte-blanche-tous-au-boulot-2#primaryimage"},"thumbnailUrl":"https:\/\/www.infosourds.be\/wp-content\/uploads\/2026\/03\/Carte-blanche.webp","datePublished":"2025-11-14T14:35:04+00:00","dateModified":"2026-03-06T17:20:25+00:00","description":"Ons land streeft ernaar om 80% mensen aan het werk te krijgen, maar bezuinigt steeds meer op de financi\u00eble steun voor arbeidsbemiddelingsdiensten die zijn afgestemd op mensen met een handicap. Terwijl dove en slechthorende mensen al te maken hebben met discriminatie en obstakel na obstakel tegenkomen bij het zoeken naar werk, is het bezuinigen op deze budgetten volstrekt onlogisch!","breadcrumb":{"@id":"https:\/\/www.infosourds.be\/carte-blanche-tous-au-boulot-2#breadcrumb"},"inLanguage":"nl-BE","potentialAction":[{"@type":"ReadAction","target":["https:\/\/www.infosourds.be\/carte-blanche-tous-au-boulot-2"]}]},{"@type":"ImageObject","inLanguage":"nl-BE","@id":"https:\/\/www.infosourds.be\/carte-blanche-tous-au-boulot-2#primaryimage","url":"https:\/\/www.infosourds.be\/wp-content\/uploads\/2026\/03\/Carte-blanche.webp","contentUrl":"https:\/\/www.infosourds.be\/wp-content\/uploads\/2026\/03\/Carte-blanche.webp","width":2048,"height":1755},{"@type":"BreadcrumbList","@id":"https:\/\/www.infosourds.be\/carte-blanche-tous-au-boulot-2#breadcrumb","itemListElement":[{"@type":"ListItem","position":1,"name":"Accueil","item":"https:\/\/www.infosourds.be\/"},{"@type":"ListItem","position":2,"name":"Carte blanche"}]},{"@type":"WebSite","@id":"https:\/\/www.infosourds.be\/#website","url":"https:\/\/www.infosourds.be\/","name":"infosourds.be","description":"Een persoon boven alles","publisher":{"@id":"https:\/\/www.infosourds.be\/#organization"},"potentialAction":[{"@type":"SearchAction","target":{"@type":"EntryPoint","urlTemplate":"https:\/\/www.infosourds.be\/?s={search_term_string}"},"query-input":{"@type":"PropertyValueSpecification","valueRequired":true,"valueName":"search_term_string"}}],"inLanguage":"nl-BE"},{"@type":"Organization","@id":"https:\/\/www.infosourds.be\/#organization","name":"Info-Sourds de Bruxelles","url":"https:\/\/www.infosourds.be\/","logo":{"@type":"ImageObject","inLanguage":"nl-BE","@id":"https:\/\/www.infosourds.be\/#\/schema\/logo\/image\/","url":"https:\/\/www.infosourds.be\/wp-content\/uploads\/2023\/03\/Logo_InfoSourds1.png","contentUrl":"https:\/\/www.infosourds.be\/wp-content\/uploads\/2023\/03\/Logo_InfoSourds1.png","width":114,"height":121,"caption":"Info-Sourds de Bruxelles"},"image":{"@id":"https:\/\/www.infosourds.be\/#\/schema\/logo\/image\/"},"sameAs":["https:\/\/www.facebook.com\/InfosourdsdeBxl","https:\/\/www.instagram.com\/infosourds_bxl\/","https:\/\/www.linkedin.com\/company\/22615107\/"]},{"@type":"Person","@id":"https:\/\/www.infosourds.be\/#\/schema\/person\/f3abf20591c01738f1d334a822842d56","name":"Webmaster","image":{"@type":"ImageObject","inLanguage":"nl-BE","@id":"https:\/\/secure.gravatar.com\/avatar\/048422f4c473dabfbe91a2958be7b0f4f0ce2658fc6c9e66ddcbc49b3b5bdaf0?s=96&d=mm&r=g","url":"https:\/\/secure.gravatar.com\/avatar\/048422f4c473dabfbe91a2958be7b0f4f0ce2658fc6c9e66ddcbc49b3b5bdaf0?s=96&d=mm&r=g","contentUrl":"https:\/\/secure.gravatar.com\/avatar\/048422f4c473dabfbe91a2958be7b0f4f0ce2658fc6c9e66ddcbc49b3b5bdaf0?s=96&d=mm&r=g","caption":"Webmaster"},"sameAs":["http:\/\/www.infosourds.be"],"url":"https:\/\/www.infosourds.be\/nl\/author\/lise"}]}},"_links":{"self":[{"href":"https:\/\/www.infosourds.be\/nl\/wp-json\/wp\/v2\/posts\/34881","targetHints":{"allow":["GET"]}}],"collection":[{"href":"https:\/\/www.infosourds.be\/nl\/wp-json\/wp\/v2\/posts"}],"about":[{"href":"https:\/\/www.infosourds.be\/nl\/wp-json\/wp\/v2\/types\/post"}],"author":[{"embeddable":true,"href":"https:\/\/www.infosourds.be\/nl\/wp-json\/wp\/v2\/users\/10"}],"replies":[{"embeddable":true,"href":"https:\/\/www.infosourds.be\/nl\/wp-json\/wp\/v2\/comments?post=34881"}],"version-history":[{"count":22,"href":"https:\/\/www.infosourds.be\/nl\/wp-json\/wp\/v2\/posts\/34881\/revisions"}],"predecessor-version":[{"id":35310,"href":"https:\/\/www.infosourds.be\/nl\/wp-json\/wp\/v2\/posts\/34881\/revisions\/35310"}],"wp:featuredmedia":[{"embeddable":true,"href":"https:\/\/www.infosourds.be\/nl\/wp-json\/wp\/v2\/media\/34912"}],"wp:attachment":[{"href":"https:\/\/www.infosourds.be\/nl\/wp-json\/wp\/v2\/media?parent=34881"}],"wp:term":[{"taxonomy":"category","embeddable":true,"href":"https:\/\/www.infosourds.be\/nl\/wp-json\/wp\/v2\/categories?post=34881"},{"taxonomy":"post_tag","embeddable":true,"href":"https:\/\/www.infosourds.be\/nl\/wp-json\/wp\/v2\/tags?post=34881"}],"curies":[{"name":"wp","href":"https:\/\/api.w.org\/{rel}","templated":true}]}}