{"id":32805,"date":"2025-10-20T10:00:00","date_gmt":"2025-10-20T08:00:00","guid":{"rendered":"https:\/\/www.infosourds.be\/?p=32805"},"modified":"2025-10-22T08:17:03","modified_gmt":"2025-10-22T06:17:03","slug":"seance-dinformatie-interpretatie-lsfb-onafhankelijk","status":"publish","type":"post","link":"https:\/\/www.infosourds.be\/nl\/seance-dinformations-interprete-lsfb-independant","title":{"rendered":"Informatiesessie \u00abInformatie over de status van zelfstandige\u00bb"},"content":{"rendered":"<p>[et_pb_section fb_built=\u00a0\u00bb1&Prime; _builder_version=\u00a0\u00bb4.24.2&Prime; _module_preset=\u00a0\u00bbdefault\u00a0\u00bb da_disable_devices=\u00a0\u00bboff|off|off\u00a0\u00bb global_colors_info=\u00a0\u00bb{}\u00a0\u00bb da_is_popup=\u00a0\u00bboff\u00a0\u00bb da_exit_intent=\u00a0\u00bboff\u00a0\u00bb da_has_close=\u00a0\u00bbon\u00a0\u00bb da_alt_close=\u00a0\u00bboff\u00a0\u00bb da_dark_close=\u00a0\u00bboff\u00a0\u00bb da_not_modal=\u00a0\u00bbon\u00a0\u00bb da_is_singular=\u00a0\u00bboff\u00a0\u00bb da_with_loader=\u00a0\u00bboff\u00a0\u00bb da_has_shadow=\u00a0\u00bbon\u00a0\u00bb][et_pb_row _builder_version=\u00a0\u00bb4.24.2&Prime; _module_preset=\u00a0\u00bbdefault\u00a0\u00bb custom_margin=\u00a0\u00bb-45px|auto||auto||\u00a0\u00bb global_colors_info=\u00a0\u00bb{}\u00a0\u00bb][et_pb_column type=\u00a0\u00bb4_4&Prime; _builder_version=\u00a0\u00bb4.24.2&Prime; _module_preset=\u00a0\u00bbdefault\u00a0\u00bb global_colors_info=\u00a0\u00bb{}\u00a0\u00bb][et_pb_text _builder_version=\u00a0\u00bb4.27.4&Prime; _module_preset=\u00a0\u00bbdefault\u00a0\u00bb custom_margin=\u00a0\u00bb5px|||||\u00a0\u00bb hover_enabled=\u00a0\u00bb0&Prime; global_colors_info=\u00a0\u00bb{}\u00a0\u00bb sticky_enabled=\u00a0\u00bb0&Prime;]<\/p>\n<p><span>Le Service d\u2019Interpr\u00e9tation des Sourds de Bruxelles a \u00e0 c\u0153ur de soutenir le m\u00e9tier d\u2019interpr\u00e8te en langue des signes francophone de Belgique. C\u2019est pourquoi, en collaboration avec <strong>V\u00e9ronique Flammang<\/strong> ; Directrice de l&rsquo;Information hub.brussels et l\u2019interpr\u00e8te en langue des signes ; <strong>Julien Wavelet<\/strong>, nous proposons aux jeunes dipl\u00f4m\u00e9s, aux \u00e9tudiants en Master Interpr\u00e9tation en langue des signes et aux interpr\u00e8tes professionnels, une\u00a0<strong>s\u00e9ance d\u2019information sur le m\u00e9tier en tant qu\u2019ind\u00e9pendant<\/strong>.<\/span><\/p>\n<p><strong>Les inscriptions sont ouvertes jusqu&rsquo;au 7\/11<\/strong>.<\/p>\n<p><span style=\"color: #ff0000;\"><strong>Si vous avez besoin d&rsquo;interpr\u00e9tation en langue en langue des signes, merci de le signaler, avant le 31\/10, via notre formulaire d&rsquo;inscription en ligne !<\/strong><\/span><\/p>\n<table border=\"1\" style=\"width: 80%; border-collapse: collapse; margin-left: auto; margin-right: auto;\">\n<tbody>\n<tr>\n<td style=\"width: 50%;\">\n<div><strong style=\"font-family: inherit; font-size: inherit;\"><\/strong><span><\/span><\/div>\n<div style=\"text-align: center;\"><span><strong><a href=\"https:\/\/www.linkedin.com\/in\/v%C3%A9ronique-flammang-1ba84a66\/?originalSubdomain=be\" target=\"_blank\" rel=\"noopener\"><img loading=\"lazy\" decoding=\"async\" src=\"https:\/\/www.infosourds.be\/wp-content\/uploads\/2025\/10\/Veronique-Flammang-768x1024.webp\" width=\"768\" height=\"1024\" alt=\"\" class=\"wp-image-34812 alignnone size-large\" style=\"display: block; margin-left: auto; margin-right: auto;\" \/><\/a><span style=\"color: #000000;\">V\u00c9RONIQUE FLAMMANG<\/span><\/strong><\/span><\/div>\n<div style=\"text-align: justify;\">V\u00e9ronique Flammang est Directrice d&rsquo;Information \u00e0 hub.brussels. Cette plate-forme s&rsquo;adresse \u00e0 tout ind\u00e9pendant, commer\u00e7ant ou entrepreneur bruxellois qui d\u00e9sire obtenir gratuitement une r\u00e9ponse \u00e0 toutes ses questions entrepreneuriales.<\/div>\n<\/td>\n<td style=\"width: 50%;\">\n<div><span><span style=\"color: #ffffff;\"><strong><\/strong><\/span><\/span><\/div>\n<div style=\"text-align: center;\"><span><span style=\"color: #ffffff;\"><strong><a data-cke-saved-href=\"https:\/\/www.linkedin.com\/in\/julien-w-215349309\/\" href=\"https:\/\/www.linkedin.com\/in\/julien-w-215349309\/\" target=\"_blank\" rel=\"noopener\"><img loading=\"lazy\" decoding=\"async\" data-file-id=\"6964525\" height=\"388\" data-cke-saved-src=\"https:\/\/mcusercontent.com\/7f1f2c938924392c10153b350\/images\/e73b5b65-23e2-fe0e-dccf-b6e7024a7919.jpeg\" src=\"https:\/\/mcusercontent.com\/7f1f2c938924392c10153b350\/images\/e73b5b65-23e2-fe0e-dccf-b6e7024a7919.jpeg\" width=\"309\" style=\"display: block; margin-left: auto; margin-right: auto;\" \/><\/a><\/strong><span style=\"color: #000000;\"><strong>JUL<\/strong><\/span><\/span><\/span><span style=\"color: #000000;\"><strong>IEN WAVELET<\/strong><\/span><\/div>\n<div style=\"text-align: justify;\">Julien Wavelet est un interpr\u00e8te aguerri, ind\u00e9pendant, pr\u00e9sentant une exp\u00e9rience de plus\u00a0de 15 ans. Ayant fait ses armes en France, il travaille depuis pr\u00e8s de 10 ans, aujourd&rsquo;hui, en\u00a0Belgique, et a contribu\u00e9, en tant que charg\u00e9 de cours dans le Master d&rsquo;interpr\u00e9tation fran\u00e7ais &lt;&gt; LSFB, \u00e0 la formation des \u00e9tudiants de 1re ann\u00e9e l&rsquo;UCLouvain.<\/div>\n<\/td>\n<\/tr>\n<\/tbody>\n<\/table>\n<p>S\u00e9ance d&rsquo;information \u00ab\u00a0<strong>Information sur le statut d&rsquo;ind\u00e9pendant<\/strong>\u00ab\u00a0<\/p>\n<p>Quand : mercredi 12 novembre de 18h \u00e0 20h30<br \/>O\u00f9 : Info-Sourds &#8211; Avenue Brugmann, 76 1190 Forest<br \/>Intervenants : V\u00e9ronique Flammang, Directrice de l&rsquo;Information \u00e0 hub.brussels et Julien Wavelet, interpr\u00e8te en LSFB ind\u00e9pendant\u00a0<br \/>Plus d&rsquo;informations : Patrice Jabeneau &#8211; <a href=\"mailto:patrice.jabeneau@infosourds.be\">patrice.jabeneau@infosourds.be<\/a><\/p>\n<p>&nbsp;<\/p>\n<h2><strong>PROGRAMME<\/strong><\/h2>\n<ul>\n<li>Accueil : 18h<\/li>\n<li class=\"x_elementToProof\">Pr\u00e9-r\u00e9colte des questions et des besoins d&rsquo;accompagnement dans le m\u00e9tier (SISB)<\/li>\n<li class=\"x_elementToProof\">D\u00e9but : 18h30<\/li>\n<li class=\"x_elementToProof\">Partie explications : 40 minutes par V\u00e9ronique Flammang, hub brussels<\/li>\n<li class=\"x_elementToProof\">Partie t\u00e9moignage : 40 minutes par Julien Wavelet, interpr\u00e8te ind\u00e9pendant fran\u00e7ais-langue des signes<\/li>\n<li class=\"x_elementToProof\">Questions-r\u00e9ponses : 30 minutes<\/li>\n<li class=\"x_elementToProof\">Conventionnement avec le SISB : 10 minutes<\/li>\n<li class=\"x_elementToProof\">Fin des expos\u00e9s: 20h30<\/li>\n<li class=\"x_elementToProof\">Moment informel<\/li>\n<\/ul>\n<h2><strong>INSCRIPTIONS<\/strong><\/h2>\n<p><strong><span><noscript class=\"ninja-forms-noscript-message\">\n\tMelding: voor dit product is een JavaScript vereist.<\/noscript>\n<div id=\"nf-form-30-cont\" class=\"nf-form-cont\" aria-live=\"polite\" aria-labelledby=\"nf-form-title-30\" aria-describedby=\"nf-form-errors-30\" role=\"form\">\n\n    <div class=\"nf-loading-spinner\"><\/div>\n\n<\/div>\n        <!-- That data is being printed as a workaround to page builders reordering the order of the scripts loaded-->\n        <script>var formDisplay=1;var nfForms=nfForms||[];var form=[];form.id='30';form.settings={\"objectType\":\"Form Setting\",\"editActive\":true,\"title\":\"S\\u00c9ANCE D&#039;INFORMATION POUR LES ILS\",\"created_at\":\"2025-10-20 16:02:36\",\"default_label_pos\":\"above\",\"show_title\":\"0\",\"clear_complete\":\"1\",\"hide_complete\":\"1\",\"logged_in\":\"\",\"wrapper_class\":\"\",\"element_class\":\"\",\"form_title_heading_level\":\"3\",\"key\":\"\",\"add_submit\":\"1\",\"changeEmailErrorMsg\":\"Voer een geldig e-mailadres in!\",\"changeDateErrorMsg\":\"Vul een geldige datum in!\",\"confirmFieldErrorMsg\":\"Deze velden moeten overeenkomen!\",\"fieldNumberNumMinError\":\"Fout met minimumaantal\",\"fieldNumberNumMaxError\":\"Fout met maximumaantal\",\"fieldNumberIncrementBy\":\"Toenemen met \",\"formErrorsCorrectErrors\":\"Corrigeer de fouten voordat je dit formulier indient.\",\"validateRequiredField\":\"Dit is een verplicht veld.\",\"honeypotHoneypotError\":\"Honeypot fout\",\"fieldsMarkedRequired\":\"Velden die gemarkeerd zijn met een <span class=\\\"ninja-forms-req-symbol\\\">*<\\\/span> zijn verplichte velden\",\"currency\":\"\",\"unique_field_error\":\"Un formulaire avec cette valeur a d\\u00e9j\\u00e0 \\u00e9t\\u00e9 envoy\\u00e9.\",\"not_logged_in_msg\":\"\",\"sub_limit_msg\":\"Le formulaire a atteint sa limite d\\u2019entr\\u00e9es.\",\"calculations\":[],\"formContentData\":[\"firstname_1685526085623\",\"lastname_1685526086148\",\"email_1685532073173\",\"attentes_particulieres_1760969114722\",\"j_ai_besoin_d_un_interprete_en_langue_des_signes_1760969089666\",\"envoyer_1685530852814\"],\"drawerDisabled\":false,\"objectDomain\":\"display\",\"allow_public_link\":0,\"embed_form\":\"\",\"ninjaForms\":\"Ninja Forms\",\"fieldTextareaRTEInsertLink\":\"Link invoegen\",\"fieldTextareaRTEInsertMedia\":\"Media invoegen\",\"fieldTextareaRTESelectAFile\":\"Selecteer een bestand\",\"formHoneypot\":\"Als je een persoon bent die dit veld ziet, laat je het leeg.\",\"fileUploadOldCodeFileUploadInProgress\":\"Bestand wordt ge\\u00fcpload.\",\"fileUploadOldCodeFileUpload\":\"BESTANDSUPLOAD\",\"currencySymbol\":\"&#36;\",\"thousands_sep\":\".\",\"decimal_point\":\",\",\"siteLocale\":\"nl_BE\",\"dateFormat\":\"m\\\/d\\\/Y\",\"startOfWeek\":\"1\",\"of\":\"van\",\"previousMonth\":\"Vorige maand\",\"nextMonth\":\"Volgende maand\",\"months\":[\"januari\",\"februari\",\"maart\",\"april\",\"mei\",\"juni\",\"juli\",\"augustus\",\"september\",\"oktober\",\"november\",\"december\"],\"monthsShort\":[\"jan\",\"feb\",\"mrt\",\"apr\",\"mei\",\"jun\",\"jul\",\"aug\",\"sep\",\"okt\",\"nov\",\"dec\"],\"weekdays\":[\"zondag\",\"maandag\",\"dinsdag\",\"woensdag\",\"donderdag\",\"vrijdag\",\"zaterdag\"],\"weekdaysShort\":[\"zo\",\"ma\",\"di\",\"wo\",\"do\",\"vr\",\"za\"],\"weekdaysMin\":[\"zo\",\"ma\",\"di\",\"wo\",\"do\",\"vr\",\"za\"],\"recaptchaConsentMissing\":\"reCaptcha validation couldn&#039;t load.\",\"recaptchaMissingCookie\":\"reCaptcha v3 validation couldn&#039;t load the cookie needed to submit the form.\",\"recaptchaConsentEvent\":\"Accept reCaptcha cookies before sending the form.\",\"currency_symbol\":\"\",\"beforeForm\":\"\",\"beforeFields\":\"\",\"afterFields\":\"\",\"afterForm\":\"\"};form.fields=[{\"objectType\":\"Field\",\"objectDomain\":\"fields\",\"editActive\":false,\"order\":1,\"idAttribute\":\"id\",\"type\":\"firstname\",\"label\":\"Pr\\u00e9nom\",\"key\":\"firstname_1685526085623\",\"label_pos\":\"above\",\"required\":1,\"default\":\"\",\"placeholder\":\"\",\"container_class\":\"\",\"element_class\":\"\",\"admin_label\":\"\",\"help_text\":\"\",\"custom_name_attribute\":\"fname\",\"personally_identifiable\":1,\"value\":\"\",\"field_label\":\"Pr\\u00e9nom\",\"field_key\":\"firstname_1685526085623\",\"id\":333,\"beforeField\":\"\",\"afterField\":\"\",\"parentType\":\"firstname\",\"element_templates\":[\"firstname\",\"input\"],\"old_classname\":\"\",\"wrap_template\":\"wrap\"},{\"objectType\":\"Field\",\"objectDomain\":\"fields\",\"editActive\":false,\"order\":2,\"idAttribute\":\"id\",\"type\":\"lastname\",\"label\":\"Nom\",\"key\":\"lastname_1685526086148\",\"label_pos\":\"above\",\"required\":1,\"default\":\"\",\"placeholder\":\"\",\"container_class\":\"\",\"element_class\":\"\",\"admin_label\":\"\",\"help_text\":\"\",\"custom_name_attribute\":\"lname\",\"personally_identifiable\":1,\"value\":\"\",\"field_label\":\"Nom\",\"field_key\":\"lastname_1685526086148\",\"id\":334,\"beforeField\":\"\",\"afterField\":\"\",\"parentType\":\"lastname\",\"element_templates\":[\"lastname\",\"input\"],\"old_classname\":\"\",\"wrap_template\":\"wrap\"},{\"objectType\":\"Field\",\"objectDomain\":\"fields\",\"editActive\":false,\"order\":3,\"idAttribute\":\"id\",\"type\":\"email\",\"label\":\"Email\",\"key\":\"email_1685532073173\",\"label_pos\":\"above\",\"required\":1,\"default\":\"\",\"placeholder\":\"\",\"container_class\":\"\",\"element_class\":\"\",\"admin_label\":\"\",\"help_text\":\"\",\"custom_name_attribute\":\"email\",\"personally_identifiable\":1,\"value\":\"\",\"drawerDisabled\":\"\",\"field_label\":\"Email\",\"field_key\":\"email_1685532073173\",\"id\":338,\"beforeField\":\"\",\"afterField\":\"\",\"parentType\":\"email\",\"element_templates\":[\"email\",\"input\"],\"old_classname\":\"\",\"wrap_template\":\"wrap\"},{\"objectType\":\"Field\",\"objectDomain\":\"fields\",\"editActive\":false,\"order\":4,\"idAttribute\":\"id\",\"label\":\"Attentes particuli\\u00e8res\",\"type\":\"textarea\",\"key\":\"attentes_particulieres_1760969114722\",\"label_pos\":\"above\",\"required\":false,\"default\":\"\",\"placeholder\":\"\",\"container_class\":\"\",\"element_class\":\"\",\"input_limit\":\"\",\"input_limit_type\":\"characters\",\"input_limit_msg\":\"Caract\\u00e8re(s) restant(s)\",\"manual_key\":false,\"admin_label\":\"\",\"help_text\":\"\",\"textarea_rte\":\"\",\"disable_rte_mobile\":\"\",\"textarea_media\":\"\",\"value\":\"\",\"drawerDisabled\":false,\"id\":342,\"beforeField\":\"\",\"afterField\":\"\",\"parentType\":\"textarea\",\"element_templates\":[\"textarea\",\"input\"],\"old_classname\":\"\",\"wrap_template\":\"wrap\"},{\"objectType\":\"Field\",\"objectDomain\":\"fields\",\"editActive\":false,\"order\":5,\"idAttribute\":\"id\",\"label\":\"J'ai besoin d'un interpr\\u00e8te en langue des signes\",\"type\":\"checkbox\",\"key\":\"j_ai_besoin_d_un_interprete_en_langue_des_signes_1760969089666\",\"label_pos\":\"right\",\"required\":0,\"container_class\":\"\",\"element_class\":\"\",\"manual_key\":\"\",\"admin_label\":\"\",\"help_text\":\"\",\"default_value\":\"unchecked\",\"checked_value\":\"Coch\\u00e9\",\"unchecked_value\":\"D\\u00e9coch\\u00e9\",\"checked_calc_value\":\"\",\"unchecked_calc_value\":\"\",\"drawerDisabled\":false,\"field_label\":\"En m'inscrivant \\u00e0 cet \\u00e9v\\u00e8nement, j'accepte que mon image soit utilis\\u00e9e \\u00e0 des fins de communication\",\"field_key\":\"en_m_inscrivant_a_cet_evenement_j_accepte_que_mon_image_soit_utilisee_a_des_fins_de_communication_1741868998443\",\"id\":341,\"beforeField\":\"\",\"afterField\":\"\",\"value\":\"\",\"parentType\":\"checkbox\",\"element_templates\":[\"checkbox\",\"input\"],\"old_classname\":\"\",\"wrap_template\":\"wrap\"},{\"objectType\":\"Field\",\"objectDomain\":\"fields\",\"editActive\":false,\"order\":6,\"idAttribute\":\"id\",\"type\":\"submit\",\"label\":\"ENVOYER\",\"processing_label\":\"En cours de traitement\",\"container_class\":\"\",\"element_class\":\"\",\"key\":\"envoyer_1685530852814\",\"drawerDisabled\":\"\",\"field_label\":\"ENVOYER\",\"field_key\":\"envoyer_1685530852814\",\"admin_label\":\"\",\"id\":339,\"beforeField\":\"\",\"afterField\":\"\",\"value\":\"\",\"label_pos\":\"above\",\"parentType\":\"textbox\",\"element_templates\":[\"submit\",\"button\",\"input\"],\"old_classname\":\"\",\"wrap_template\":\"wrap-no-label\"}];nfForms.push(form);<\/script>\n        <\/span><\/strong><\/p>\n<p>[\/et_pb_text][\/et_pb_column][\/et_pb_row][\/et_pb_section]<\/p>\n","protected":false},"excerpt":{"rendered":"<p>Le Service d\u2019Interpr\u00e9tation des Sourds de Bruxelles a \u00e0 c\u0153ur de soutenir le m\u00e9tier d\u2019interpr\u00e8te en langue des signes francophone de Belgique. C\u2019est pourquoi, en collaboration avec V\u00e9ronique Flammang ; Directrice de l&rsquo;Information hub.brussels et l\u2019interpr\u00e8te en langue des signes ; Julien Wavelet, nous proposons aux jeunes dipl\u00f4m\u00e9s, aux \u00e9tudiants en Master Interpr\u00e9tation en langue [&hellip;]<\/p>\n","protected":false},"author":10,"featured_media":0,"comment_status":"open","ping_status":"open","sticky":false,"template":"","format":"standard","meta":{"give_campaign_id":0,"_et_pb_use_builder":"on","_et_pb_old_content":"","_et_gb_content_width":"","footnotes":""},"categories":[19],"tags":[],"class_list":["post-32805","post","type-post","status-publish","format-standard","hentry","category-actualites"],"yoast_head":"<!-- This site is optimized with the Yoast SEO plugin v27.4 - https:\/\/yoast.com\/product\/yoast-seo-wordpress\/ -->\n<title>S\u00e9ance d&#039;information &quot;Information sur le statut d&#039;ind\u00e9pendant&quot; - Info-Sourds de Bruxelles<\/title>\n<meta name=\"robots\" content=\"index, follow, max-snippet:-1, max-image-preview:large, max-video-preview:-1\" \/>\n<link rel=\"canonical\" href=\"https:\/\/www.infosourds.be\/nl\/seance-dinformatie-interpretatie-lsfb-onafhankelijk\" \/>\n<meta property=\"og:locale\" content=\"nl_BE\" \/>\n<meta property=\"og:type\" content=\"article\" \/>\n<meta property=\"og:title\" content=\"S\u00e9ance d&#039;information &quot;Information sur le statut d&#039;ind\u00e9pendant&quot; - Info-Sourds de Bruxelles\" \/>\n<meta property=\"og:description\" content=\"Le Service d\u2019Interpr\u00e9tation des Sourds de Bruxelles a \u00e0 c\u0153ur de soutenir le m\u00e9tier d\u2019interpr\u00e8te en langue des signes francophone de Belgique. C\u2019est pourquoi, en collaboration avec V\u00e9ronique Flammang ; Directrice de l&#039;Information hub.brussels et l\u2019interpr\u00e8te en langue des signes ; Julien Wavelet, nous proposons aux jeunes dipl\u00f4m\u00e9s, aux \u00e9tudiants en Master Interpr\u00e9tation en langue [&hellip;]\" \/>\n<meta property=\"og:url\" content=\"https:\/\/www.infosourds.be\/nl\/seance-dinformatie-interpretatie-lsfb-onafhankelijk\" \/>\n<meta property=\"og:site_name\" content=\"Info-Sourds de Bruxelles\" \/>\n<meta property=\"article:publisher\" content=\"https:\/\/www.facebook.com\/InfosourdsdeBxl\" \/>\n<meta property=\"article:published_time\" content=\"2025-10-20T08:00:00+00:00\" \/>\n<meta property=\"article:modified_time\" content=\"2025-10-22T06:17:03+00:00\" \/>\n<meta property=\"og:image\" content=\"https:\/\/www.infosourds.be\/wp-content\/uploads\/2025\/10\/Veronique-Flammang.webp\" \/>\n\t<meta property=\"og:image:width\" content=\"1556\" \/>\n\t<meta property=\"og:image:height\" content=\"2075\" \/>\n\t<meta property=\"og:image:type\" content=\"image\/webp\" \/>\n<meta name=\"author\" content=\"Webmaster\" \/>\n<meta name=\"twitter:card\" content=\"summary_large_image\" \/>\n<meta name=\"twitter:label1\" content=\"Geschreven door\" \/>\n\t<meta name=\"twitter:data1\" content=\"Webmaster\" \/>\n\t<meta name=\"twitter:label2\" content=\"Geschatte leestijd\" \/>\n\t<meta name=\"twitter:data2\" content=\"2 minuten\" \/>\n<script type=\"application\/ld+json\" class=\"yoast-schema-graph\">{\"@context\":\"https:\\\/\\\/schema.org\",\"@graph\":[{\"@type\":\"Article\",\"@id\":\"https:\\\/\\\/www.infosourds.be\\\/seance-dinformations-interprete-lsfb-independant#article\",\"isPartOf\":{\"@id\":\"https:\\\/\\\/www.infosourds.be\\\/seance-dinformations-interprete-lsfb-independant\"},\"author\":{\"name\":\"Webmaster\",\"@id\":\"https:\\\/\\\/www.infosourds.be\\\/#\\\/schema\\\/person\\\/f3abf20591c01738f1d334a822842d56\"},\"headline\":\"S\u00e9ance d&rsquo;information \u00ab\u00a0Information sur le statut d&rsquo;ind\u00e9pendant\u00a0\u00bb\",\"datePublished\":\"2025-10-20T08:00:00+00:00\",\"dateModified\":\"2025-10-22T06:17:03+00:00\",\"mainEntityOfPage\":{\"@id\":\"https:\\\/\\\/www.infosourds.be\\\/seance-dinformations-interprete-lsfb-independant\"},\"wordCount\":465,\"commentCount\":0,\"publisher\":{\"@id\":\"https:\\\/\\\/www.infosourds.be\\\/#organization\"},\"image\":{\"@id\":\"https:\\\/\\\/www.infosourds.be\\\/seance-dinformations-interprete-lsfb-independant#primaryimage\"},\"thumbnailUrl\":\"https:\\\/\\\/www.infosourds.be\\\/wp-content\\\/uploads\\\/2025\\\/10\\\/Veronique-Flammang-768x1024.webp\",\"articleSection\":[\"Actualit\u00e9s\"],\"inLanguage\":\"nl-BE\",\"potentialAction\":[{\"@type\":\"CommentAction\",\"name\":\"Comment\",\"target\":[\"https:\\\/\\\/www.infosourds.be\\\/seance-dinformations-interprete-lsfb-independant#respond\"]}]},{\"@type\":\"WebPage\",\"@id\":\"https:\\\/\\\/www.infosourds.be\\\/seance-dinformations-interprete-lsfb-independant\",\"url\":\"https:\\\/\\\/www.infosourds.be\\\/seance-dinformations-interprete-lsfb-independant\",\"name\":\"S\u00e9ance d'information \\\"Information sur le statut d'ind\u00e9pendant\\\" - Info-Sourds de Bruxelles\",\"isPartOf\":{\"@id\":\"https:\\\/\\\/www.infosourds.be\\\/#website\"},\"primaryImageOfPage\":{\"@id\":\"https:\\\/\\\/www.infosourds.be\\\/seance-dinformations-interprete-lsfb-independant#primaryimage\"},\"image\":{\"@id\":\"https:\\\/\\\/www.infosourds.be\\\/seance-dinformations-interprete-lsfb-independant#primaryimage\"},\"thumbnailUrl\":\"https:\\\/\\\/www.infosourds.be\\\/wp-content\\\/uploads\\\/2025\\\/10\\\/Veronique-Flammang-768x1024.webp\",\"datePublished\":\"2025-10-20T08:00:00+00:00\",\"dateModified\":\"2025-10-22T06:17:03+00:00\",\"breadcrumb\":{\"@id\":\"https:\\\/\\\/www.infosourds.be\\\/seance-dinformations-interprete-lsfb-independant#breadcrumb\"},\"inLanguage\":\"nl-BE\",\"potentialAction\":[{\"@type\":\"ReadAction\",\"target\":[\"https:\\\/\\\/www.infosourds.be\\\/seance-dinformations-interprete-lsfb-independant\"]}]},{\"@type\":\"ImageObject\",\"inLanguage\":\"nl-BE\",\"@id\":\"https:\\\/\\\/www.infosourds.be\\\/seance-dinformations-interprete-lsfb-independant#primaryimage\",\"url\":\"https:\\\/\\\/www.infosourds.be\\\/wp-content\\\/uploads\\\/2025\\\/10\\\/Veronique-Flammang-768x1024.webp\",\"contentUrl\":\"https:\\\/\\\/www.infosourds.be\\\/wp-content\\\/uploads\\\/2025\\\/10\\\/Veronique-Flammang-768x1024.webp\"},{\"@type\":\"BreadcrumbList\",\"@id\":\"https:\\\/\\\/www.infosourds.be\\\/seance-dinformations-interprete-lsfb-independant#breadcrumb\",\"itemListElement\":[{\"@type\":\"ListItem\",\"position\":1,\"name\":\"Accueil\",\"item\":\"https:\\\/\\\/www.infosourds.be\\\/\"},{\"@type\":\"ListItem\",\"position\":2,\"name\":\"S\u00e9ance d&rsquo;information \u00ab\u00a0Information sur le statut d&rsquo;ind\u00e9pendant\u00a0\u00bb\"}]},{\"@type\":\"WebSite\",\"@id\":\"https:\\\/\\\/www.infosourds.be\\\/#website\",\"url\":\"https:\\\/\\\/www.infosourds.be\\\/\",\"name\":\"infosourds.be\",\"description\":\"Une personne avant tout\",\"publisher\":{\"@id\":\"https:\\\/\\\/www.infosourds.be\\\/#organization\"},\"potentialAction\":[{\"@type\":\"SearchAction\",\"target\":{\"@type\":\"EntryPoint\",\"urlTemplate\":\"https:\\\/\\\/www.infosourds.be\\\/?s={search_term_string}\"},\"query-input\":{\"@type\":\"PropertyValueSpecification\",\"valueRequired\":true,\"valueName\":\"search_term_string\"}}],\"inLanguage\":\"nl-BE\"},{\"@type\":\"Organization\",\"@id\":\"https:\\\/\\\/www.infosourds.be\\\/#organization\",\"name\":\"Info-Sourds de Bruxelles\",\"url\":\"https:\\\/\\\/www.infosourds.be\\\/\",\"logo\":{\"@type\":\"ImageObject\",\"inLanguage\":\"nl-BE\",\"@id\":\"https:\\\/\\\/www.infosourds.be\\\/#\\\/schema\\\/logo\\\/image\\\/\",\"url\":\"https:\\\/\\\/www.infosourds.be\\\/wp-content\\\/uploads\\\/2023\\\/03\\\/Logo_InfoSourds1.png\",\"contentUrl\":\"https:\\\/\\\/www.infosourds.be\\\/wp-content\\\/uploads\\\/2023\\\/03\\\/Logo_InfoSourds1.png\",\"width\":114,\"height\":121,\"caption\":\"Info-Sourds de Bruxelles\"},\"image\":{\"@id\":\"https:\\\/\\\/www.infosourds.be\\\/#\\\/schema\\\/logo\\\/image\\\/\"},\"sameAs\":[\"https:\\\/\\\/www.facebook.com\\\/InfosourdsdeBxl\",\"https:\\\/\\\/www.instagram.com\\\/infosourds_bxl\\\/\",\"https:\\\/\\\/www.linkedin.com\\\/company\\\/22615107\\\/\"]},{\"@type\":\"Person\",\"@id\":\"https:\\\/\\\/www.infosourds.be\\\/#\\\/schema\\\/person\\\/f3abf20591c01738f1d334a822842d56\",\"name\":\"Webmaster\",\"image\":{\"@type\":\"ImageObject\",\"inLanguage\":\"nl-BE\",\"@id\":\"https:\\\/\\\/secure.gravatar.com\\\/avatar\\\/048422f4c473dabfbe91a2958be7b0f4f0ce2658fc6c9e66ddcbc49b3b5bdaf0?s=96&d=mm&r=g\",\"url\":\"https:\\\/\\\/secure.gravatar.com\\\/avatar\\\/048422f4c473dabfbe91a2958be7b0f4f0ce2658fc6c9e66ddcbc49b3b5bdaf0?s=96&d=mm&r=g\",\"contentUrl\":\"https:\\\/\\\/secure.gravatar.com\\\/avatar\\\/048422f4c473dabfbe91a2958be7b0f4f0ce2658fc6c9e66ddcbc49b3b5bdaf0?s=96&d=mm&r=g\",\"caption\":\"Webmaster\"},\"sameAs\":[\"http:\\\/\\\/www.infosourds.be\"],\"url\":\"https:\\\/\\\/www.infosourds.be\\\/nl\\\/author\\\/lise\"}]}<\/script>\n<!-- \/ Yoast SEO plugin. -->","yoast_head_json":{"title":"Informatiesessie \"Informatie over de status van zelfstandige\" - Info-Sourds de Bruxelles","robots":{"index":"index","follow":"follow","max-snippet":"max-snippet:-1","max-image-preview":"max-image-preview:large","max-video-preview":"max-video-preview:-1"},"canonical":"https:\/\/www.infosourds.be\/nl\/seance-dinformatie-interpretatie-lsfb-onafhankelijk","og_locale":"nl_BE","og_type":"article","og_title":"S\u00e9ance d'information \"Information sur le statut d'ind\u00e9pendant\" - Info-Sourds de Bruxelles","og_description":"Le Service d\u2019Interpr\u00e9tation des Sourds de Bruxelles a \u00e0 c\u0153ur de soutenir le m\u00e9tier d\u2019interpr\u00e8te en langue des signes francophone de Belgique. C\u2019est pourquoi, en collaboration avec V\u00e9ronique Flammang ; Directrice de l'Information hub.brussels et l\u2019interpr\u00e8te en langue des signes ; Julien Wavelet, nous proposons aux jeunes dipl\u00f4m\u00e9s, aux \u00e9tudiants en Master Interpr\u00e9tation en langue [&hellip;]","og_url":"https:\/\/www.infosourds.be\/nl\/seance-dinformatie-interpretatie-lsfb-onafhankelijk","og_site_name":"Info-Sourds de Bruxelles","article_publisher":"https:\/\/www.facebook.com\/InfosourdsdeBxl","article_published_time":"2025-10-20T08:00:00+00:00","article_modified_time":"2025-10-22T06:17:03+00:00","og_image":[{"width":1556,"height":2075,"url":"https:\/\/www.infosourds.be\/wp-content\/uploads\/2025\/10\/Veronique-Flammang.webp","type":"image\/webp"}],"author":"Webmaster","twitter_card":"summary_large_image","twitter_misc":{"Geschreven door":"Webmaster","Geschatte leestijd":"2 minuten"},"schema":{"@context":"https:\/\/schema.org","@graph":[{"@type":"Article","@id":"https:\/\/www.infosourds.be\/seance-dinformations-interprete-lsfb-independant#article","isPartOf":{"@id":"https:\/\/www.infosourds.be\/seance-dinformations-interprete-lsfb-independant"},"author":{"name":"Webmaster","@id":"https:\/\/www.infosourds.be\/#\/schema\/person\/f3abf20591c01738f1d334a822842d56"},"headline":"S\u00e9ance d&rsquo;information \u00ab\u00a0Information sur le statut d&rsquo;ind\u00e9pendant\u00a0\u00bb","datePublished":"2025-10-20T08:00:00+00:00","dateModified":"2025-10-22T06:17:03+00:00","mainEntityOfPage":{"@id":"https:\/\/www.infosourds.be\/seance-dinformations-interprete-lsfb-independant"},"wordCount":465,"commentCount":0,"publisher":{"@id":"https:\/\/www.infosourds.be\/#organization"},"image":{"@id":"https:\/\/www.infosourds.be\/seance-dinformations-interprete-lsfb-independant#primaryimage"},"thumbnailUrl":"https:\/\/www.infosourds.be\/wp-content\/uploads\/2025\/10\/Veronique-Flammang-768x1024.webp","articleSection":["Actualit\u00e9s"],"inLanguage":"nl-BE","potentialAction":[{"@type":"CommentAction","name":"Comment","target":["https:\/\/www.infosourds.be\/seance-dinformations-interprete-lsfb-independant#respond"]}]},{"@type":"WebPage","@id":"https:\/\/www.infosourds.be\/seance-dinformations-interprete-lsfb-independant","url":"https:\/\/www.infosourds.be\/seance-dinformations-interprete-lsfb-independant","name":"Informatiesessie \"Informatie over de status van zelfstandige\" - Info-Sourds de Bruxelles","isPartOf":{"@id":"https:\/\/www.infosourds.be\/#website"},"primaryImageOfPage":{"@id":"https:\/\/www.infosourds.be\/seance-dinformations-interprete-lsfb-independant#primaryimage"},"image":{"@id":"https:\/\/www.infosourds.be\/seance-dinformations-interprete-lsfb-independant#primaryimage"},"thumbnailUrl":"https:\/\/www.infosourds.be\/wp-content\/uploads\/2025\/10\/Veronique-Flammang-768x1024.webp","datePublished":"2025-10-20T08:00:00+00:00","dateModified":"2025-10-22T06:17:03+00:00","breadcrumb":{"@id":"https:\/\/www.infosourds.be\/seance-dinformations-interprete-lsfb-independant#breadcrumb"},"inLanguage":"nl-BE","potentialAction":[{"@type":"ReadAction","target":["https:\/\/www.infosourds.be\/seance-dinformations-interprete-lsfb-independant"]}]},{"@type":"ImageObject","inLanguage":"nl-BE","@id":"https:\/\/www.infosourds.be\/seance-dinformations-interprete-lsfb-independant#primaryimage","url":"https:\/\/www.infosourds.be\/wp-content\/uploads\/2025\/10\/Veronique-Flammang-768x1024.webp","contentUrl":"https:\/\/www.infosourds.be\/wp-content\/uploads\/2025\/10\/Veronique-Flammang-768x1024.webp"},{"@type":"BreadcrumbList","@id":"https:\/\/www.infosourds.be\/seance-dinformations-interprete-lsfb-independant#breadcrumb","itemListElement":[{"@type":"ListItem","position":1,"name":"Accueil","item":"https:\/\/www.infosourds.be\/"},{"@type":"ListItem","position":2,"name":"S\u00e9ance d&rsquo;information \u00ab\u00a0Information sur le statut d&rsquo;ind\u00e9pendant\u00a0\u00bb"}]},{"@type":"WebSite","@id":"https:\/\/www.infosourds.be\/#website","url":"https:\/\/www.infosourds.be\/","name":"infosourds.be","description":"Een persoon boven alles","publisher":{"@id":"https:\/\/www.infosourds.be\/#organization"},"potentialAction":[{"@type":"SearchAction","target":{"@type":"EntryPoint","urlTemplate":"https:\/\/www.infosourds.be\/?s={search_term_string}"},"query-input":{"@type":"PropertyValueSpecification","valueRequired":true,"valueName":"search_term_string"}}],"inLanguage":"nl-BE"},{"@type":"Organization","@id":"https:\/\/www.infosourds.be\/#organization","name":"Info-Sourds de Bruxelles","url":"https:\/\/www.infosourds.be\/","logo":{"@type":"ImageObject","inLanguage":"nl-BE","@id":"https:\/\/www.infosourds.be\/#\/schema\/logo\/image\/","url":"https:\/\/www.infosourds.be\/wp-content\/uploads\/2023\/03\/Logo_InfoSourds1.png","contentUrl":"https:\/\/www.infosourds.be\/wp-content\/uploads\/2023\/03\/Logo_InfoSourds1.png","width":114,"height":121,"caption":"Info-Sourds de Bruxelles"},"image":{"@id":"https:\/\/www.infosourds.be\/#\/schema\/logo\/image\/"},"sameAs":["https:\/\/www.facebook.com\/InfosourdsdeBxl","https:\/\/www.instagram.com\/infosourds_bxl\/","https:\/\/www.linkedin.com\/company\/22615107\/"]},{"@type":"Person","@id":"https:\/\/www.infosourds.be\/#\/schema\/person\/f3abf20591c01738f1d334a822842d56","name":"Webmaster","image":{"@type":"ImageObject","inLanguage":"nl-BE","@id":"https:\/\/secure.gravatar.com\/avatar\/048422f4c473dabfbe91a2958be7b0f4f0ce2658fc6c9e66ddcbc49b3b5bdaf0?s=96&d=mm&r=g","url":"https:\/\/secure.gravatar.com\/avatar\/048422f4c473dabfbe91a2958be7b0f4f0ce2658fc6c9e66ddcbc49b3b5bdaf0?s=96&d=mm&r=g","contentUrl":"https:\/\/secure.gravatar.com\/avatar\/048422f4c473dabfbe91a2958be7b0f4f0ce2658fc6c9e66ddcbc49b3b5bdaf0?s=96&d=mm&r=g","caption":"Webmaster"},"sameAs":["http:\/\/www.infosourds.be"],"url":"https:\/\/www.infosourds.be\/nl\/author\/lise"}]}},"_links":{"self":[{"href":"https:\/\/www.infosourds.be\/nl\/wp-json\/wp\/v2\/posts\/32805","targetHints":{"allow":["GET"]}}],"collection":[{"href":"https:\/\/www.infosourds.be\/nl\/wp-json\/wp\/v2\/posts"}],"about":[{"href":"https:\/\/www.infosourds.be\/nl\/wp-json\/wp\/v2\/types\/post"}],"author":[{"embeddable":true,"href":"https:\/\/www.infosourds.be\/nl\/wp-json\/wp\/v2\/users\/10"}],"replies":[{"embeddable":true,"href":"https:\/\/www.infosourds.be\/nl\/wp-json\/wp\/v2\/comments?post=32805"}],"version-history":[{"count":32,"href":"https:\/\/www.infosourds.be\/nl\/wp-json\/wp\/v2\/posts\/32805\/revisions"}],"predecessor-version":[{"id":34845,"href":"https:\/\/www.infosourds.be\/nl\/wp-json\/wp\/v2\/posts\/32805\/revisions\/34845"}],"wp:attachment":[{"href":"https:\/\/www.infosourds.be\/nl\/wp-json\/wp\/v2\/media?parent=32805"}],"wp:term":[{"taxonomy":"category","embeddable":true,"href":"https:\/\/www.infosourds.be\/nl\/wp-json\/wp\/v2\/categories?post=32805"},{"taxonomy":"post_tag","embeddable":true,"href":"https:\/\/www.infosourds.be\/nl\/wp-json\/wp\/v2\/tags?post=32805"}],"curies":[{"name":"wp","href":"https:\/\/api.w.org\/{rel}","templated":true}]}}